{"id":465,"date":"2020-03-20T00:19:12","date_gmt":"2020-03-20T00:19:12","guid":{"rendered":"https:\/\/rallslawoffice.com\/?p=465"},"modified":"2023-10-26T17:26:56","modified_gmt":"2023-10-26T17:26:56","slug":"la-representacion-legal-de-la-reina-del-pacifico","status":"publish","type":"post","link":"https:\/\/rallswillelaw.com\/es\/blog\/the-legal-representation-of-queen-of-the-pacific\/","title":{"rendered":"Sandra Avila Beltr\u00e1n, \"La Reina del Pac\u00edfico\""},"content":{"rendered":"<div data-elementor-type=\"wp-post\" data-elementor-id=\"465\" class=\"elementor elementor-465\" data-elementor-post-type=\"post\">\n\t\t\t\t\t\t<section class=\"elementor-section elementor-top-section elementor-element elementor-element-afd19ba elementor-section-boxed elementor-section-height-default elementor-section-height-default\" data-id=\"afd19ba\" data-element_type=\"section\" data-e-type=\"section\">\n\t\t\t\t\t\t<div class=\"elementor-container elementor-column-gap-default\">\n\t\t\t\t\t<div class=\"elementor-column elementor-col-66 elementor-top-column elementor-element elementor-element-eecb95f\" data-id=\"eecb95f\" data-element_type=\"column\" data-e-type=\"column\">\n\t\t\t<div class=\"elementor-widget-wrap elementor-element-populated\">\n\t\t\t\t\t\t<div class=\"elementor-element elementor-element-9412aa9 elementor-widget elementor-widget-text-editor\" data-id=\"9412aa9\" data-element_type=\"widget\" data-e-type=\"widget\" data-widget_type=\"text-editor.default\">\n\t\t\t\t<div class=\"elementor-widget-container\">\n\t\t\t\t\t\t\t\t\t<p><a href=\"https:\/\/www.foxnews.com\/world\/u-s-lawyer-of-released-queen-of-the-pacific-says-cartel-vixen-just-wants-to-go-home\" target=\"_blank\" rel=\"noopener\"><strong>En este art\u00edculo<\/strong><\/a>Fox News habla de Sandra Avila Beltr\u00e1n, la \"Reina del Pac\u00edfico\", que fue acusada de varios delitos. <a href=\"https:\/\/rallslawoffice.com\/tucson-drug-trafficking-attorney\/\" target=\"_blank\" rel=\"noopener\">delitos relacionados con el tr\u00e1fico de drogas<\/a> tras la incautaci\u00f3n de un barco cargado con m\u00e1s de nueve toneladas de coca\u00edna. Stephen Ralls represent\u00f3 a la Sra. Beltr\u00e1n en el caso, que dio lugar a un acuerdo de culpabilidad por tiempo cumplido.\u00a0\u00a0<\/p>\t\t\t\t\t\t\t\t<\/div>\n\t\t\t\t<\/div>\n\t\t\t\t\t<\/div>\n\t\t<\/div>\n\t\t\t\t<div class=\"elementor-column elementor-col-33 elementor-top-column elementor-element elementor-element-342226e\" data-id=\"342226e\" data-element_type=\"column\" data-e-type=\"column\">\n\t\t\t<div class=\"elementor-widget-wrap elementor-element-populated\">\n\t\t\t\t\t\t<div class=\"elementor-element elementor-element-0d52e75 elementor-widget elementor-widget-image\" data-id=\"0d52e75\" data-element_type=\"widget\" data-e-type=\"widget\" data-widget_type=\"image.default\">\n\t\t\t\t<div class=\"elementor-widget-container\">\n\t\t\t\t\t\t\t\t\t\t\t\t\t\t\t<img fetchpriority=\"high\" decoding=\"async\" width=\"825\" height=\"464\" src=\"https:\/\/rallswillelaw.com\/wp-content\/uploads\/2020\/05\/queen-of-the-pacific-1024x576.jpg\" class=\"attachment-large size-large wp-image-467\" alt=\"\" srcset=\"https:\/\/rallswillelaw.com\/wp-content\/uploads\/2020\/05\/queen-of-the-pacific-1024x576.jpg 1024w, https:\/\/rallswillelaw.com\/wp-content\/uploads\/2020\/05\/queen-of-the-pacific-300x169.jpg 300w, https:\/\/rallswillelaw.com\/wp-content\/uploads\/2020\/05\/queen-of-the-pacific-768x432.jpg 768w, https:\/\/rallswillelaw.com\/wp-content\/uploads\/2020\/05\/queen-of-the-pacific-1536x865.jpg 1536w, https:\/\/rallswillelaw.com\/wp-content\/uploads\/2020\/05\/queen-of-the-pacific.jpg 1862w\" sizes=\"(max-width: 825px) 100vw, 825px\" \/>\t\t\t\t\t\t\t\t\t\t\t\t\t\t\t<\/div>\n\t\t\t\t<\/div>\n\t\t\t\t\t<\/div>\n\t\t<\/div>\n\t\t\t\t\t<\/div>\n\t\t<\/section>\n\t\t\t\t<\/div>","protected":false},"excerpt":{"rendered":"<p>En este art\u00edculo, Fox News habla de Sandra Avila Beltr\u00e1n, \"Reina del Pac\u00edfico\", que fue acusada de varios delitos relacionados con el tr\u00e1fico de drogas tras la incautaci\u00f3n de un barco cargado con m\u00e1s de nueve toneladas de coca\u00edna. Stephen Ralls represent\u00f3 a la Sra. Beltr\u00e1n en el caso, que dio lugar a un acuerdo de culpabilidad por tiempo cumplido.<\/p>","protected":false},"author":4,"featured_media":0,"comment_status":"closed","ping_status":"open","sticky":false,"template":"","format":"standard","meta":{"_monsterinsights_skip_tracking":false,"_monsterinsights_sitenote_active":false,"_monsterinsights_sitenote_note":"","_monsterinsights_sitenote_category":0,"footnotes":""},"categories":[7],"tags":[],"class_list":["post-465","post","type-post","status-publish","format-standard","hentry","category-drug-trafficking"],"_links":{"self":[{"href":"https:\/\/rallswillelaw.com\/es\/wp-json\/wp\/v2\/posts\/465","targetHints":{"allow":["GET"]}}],"collection":[{"href":"https:\/\/rallswillelaw.com\/es\/wp-json\/wp\/v2\/posts"}],"about":[{"href":"https:\/\/rallswillelaw.com\/es\/wp-json\/wp\/v2\/types\/post"}],"author":[{"embeddable":true,"href":"https:\/\/rallswillelaw.com\/es\/wp-json\/wp\/v2\/users\/4"}],"replies":[{"embeddable":true,"href":"https:\/\/rallswillelaw.com\/es\/wp-json\/wp\/v2\/comments?post=465"}],"version-history":[{"count":7,"href":"https:\/\/rallswillelaw.com\/es\/wp-json\/wp\/v2\/posts\/465\/revisions"}],"predecessor-version":[{"id":1643,"href":"https:\/\/rallswillelaw.com\/es\/wp-json\/wp\/v2\/posts\/465\/revisions\/1643"}],"wp:attachment":[{"href":"https:\/\/rallswillelaw.com\/es\/wp-json\/wp\/v2\/media?parent=465"}],"wp:term":[{"taxonomy":"category","embeddable":true,"href":"https:\/\/rallswillelaw.com\/es\/wp-json\/wp\/v2\/categories?post=465"},{"taxonomy":"post_tag","embeddable":true,"href":"https:\/\/rallswillelaw.com\/es\/wp-json\/wp\/v2\/tags?post=465"}],"curies":[{"name":"wp","href":"https:\/\/api.w.org\/{rel}","templated":true}]}}