{"id":376,"date":"2020-03-19T23:49:51","date_gmt":"2020-03-19T23:49:51","guid":{"rendered":"https:\/\/rallslawoffice.com\/?p=376"},"modified":"2023-10-26T17:26:12","modified_gmt":"2023-10-26T17:26:12","slug":"anabel-hernandez-entrevista-a-stephen-ralls-a-proposito-de-vicente-zambada-niebla","status":"publish","type":"post","link":"https:\/\/rallswillelaw.com\/es\/blog\/anabel-hernandez-interviews-stephen-ralls-regarding-vicente-zambada-niebla\/","title":{"rendered":"Anabel Hernandez se entrevista Stephen Ralls al respecto a Vicente Zambada Niebla"},"content":{"rendered":"<div data-elementor-type=\"wp-post\" data-elementor-id=\"376\" class=\"elementor elementor-376\" data-elementor-post-type=\"post\">\n\t\t\t\t\t\t<section class=\"elementor-section elementor-top-section elementor-element elementor-element-7e6fe1f elementor-section-boxed elementor-section-height-default elementor-section-height-default\" data-id=\"7e6fe1f\" data-element_type=\"section\" data-e-type=\"section\">\n\t\t\t\t\t\t<div class=\"elementor-container elementor-column-gap-default\">\n\t\t\t\t\t<div class=\"elementor-column elementor-col-66 elementor-top-column elementor-element elementor-element-2e83b22\" data-id=\"2e83b22\" data-element_type=\"column\" data-e-type=\"column\">\n\t\t\t<div class=\"elementor-widget-wrap elementor-element-populated\">\n\t\t\t\t\t\t<div class=\"elementor-element elementor-element-f518d7d elementor-widget elementor-widget-text-editor\" data-id=\"f518d7d\" data-element_type=\"widget\" data-e-type=\"widget\" data-widget_type=\"text-editor.default\">\n\t\t\t\t<div class=\"elementor-widget-container\">\n\t\t\t\t\t\t\t\t\t<p><a href=\"https:\/\/aristeguinoticias.com\/2205\/mexico\/vicentillo-el-delator-declaro-hasta-contra-su-padre-reportaje-especial\/\" target=\"_blank\" rel=\"noopener\"><strong>En este art\u00edculo<\/strong><\/a>Anabel Hern\u00e1ndez habla de Vicente Zambada Niebla, hijo de Ismael Zambada Garc\u00eda, y de su entrevista con Stephen Ralls acerca de <a href=\"https:\/\/rallslawoffice.com\/tucson-drug-trafficking-attorney\/\" target=\"_blank\" rel=\"noopener\">tr\u00e1fico de drogas<\/a> en M\u00e9xico.<\/p>\t\t\t\t\t\t\t\t<\/div>\n\t\t\t\t<\/div>\n\t\t\t\t\t<\/div>\n\t\t<\/div>\n\t\t\t\t<div class=\"elementor-column elementor-col-33 elementor-top-column elementor-element elementor-element-301b2cc\" data-id=\"301b2cc\" data-element_type=\"column\" data-e-type=\"column\">\n\t\t\t<div class=\"elementor-widget-wrap elementor-element-populated\">\n\t\t\t\t\t\t<div class=\"elementor-element elementor-element-a8d5055 elementor-widget elementor-widget-image\" data-id=\"a8d5055\" data-element_type=\"widget\" data-e-type=\"widget\" data-widget_type=\"image.default\">\n\t\t\t\t<div class=\"elementor-widget-container\">\n\t\t\t\t\t\t\t\t\t\t\t\t\t\t\t<img fetchpriority=\"high\" decoding=\"async\" width=\"700\" height=\"467\" src=\"https:\/\/rallswillelaw.com\/wp-content\/uploads\/2020\/04\/Vicente-Zambada-Niebla.jpg\" class=\"attachment-large size-large wp-image-381\" alt=\"\" srcset=\"https:\/\/rallswillelaw.com\/wp-content\/uploads\/2020\/04\/Vicente-Zambada-Niebla.jpg 700w, https:\/\/rallswillelaw.com\/wp-content\/uploads\/2020\/04\/Vicente-Zambada-Niebla-300x200.jpg 300w\" sizes=\"(max-width: 700px) 100vw, 700px\" \/>\t\t\t\t\t\t\t\t\t\t\t\t\t\t\t<\/div>\n\t\t\t\t<\/div>\n\t\t\t\t\t<\/div>\n\t\t<\/div>\n\t\t\t\t\t<\/div>\n\t\t<\/section>\n\t\t\t\t<\/div>","protected":false},"excerpt":{"rendered":"<p>En este art\u00edculo, Anabel Hern\u00e1ndez habla de Vicente Zambada Niebla, hijo de Ismael Zambada Garc\u00eda, y de su entrevista con Stephen Ralls sobre el narcotr\u00e1fico en M\u00e9xico.<\/p>","protected":false},"author":4,"featured_media":0,"comment_status":"closed","ping_status":"closed","sticky":false,"template":"","format":"standard","meta":{"_monsterinsights_skip_tracking":false,"_monsterinsights_sitenote_active":false,"_monsterinsights_sitenote_note":"","_monsterinsights_sitenote_category":0,"footnotes":""},"categories":[7],"tags":[],"class_list":["post-376","post","type-post","status-publish","format-standard","hentry","category-drug-trafficking"],"_links":{"self":[{"href":"https:\/\/rallswillelaw.com\/es\/wp-json\/wp\/v2\/posts\/376","targetHints":{"allow":["GET"]}}],"collection":[{"href":"https:\/\/rallswillelaw.com\/es\/wp-json\/wp\/v2\/posts"}],"about":[{"href":"https:\/\/rallswillelaw.com\/es\/wp-json\/wp\/v2\/types\/post"}],"author":[{"embeddable":true,"href":"https:\/\/rallswillelaw.com\/es\/wp-json\/wp\/v2\/users\/4"}],"replies":[{"embeddable":true,"href":"https:\/\/rallswillelaw.com\/es\/wp-json\/wp\/v2\/comments?post=376"}],"version-history":[{"count":8,"href":"https:\/\/rallswillelaw.com\/es\/wp-json\/wp\/v2\/posts\/376\/revisions"}],"predecessor-version":[{"id":1642,"href":"https:\/\/rallswillelaw.com\/es\/wp-json\/wp\/v2\/posts\/376\/revisions\/1642"}],"wp:attachment":[{"href":"https:\/\/rallswillelaw.com\/es\/wp-json\/wp\/v2\/media?parent=376"}],"wp:term":[{"taxonomy":"category","embeddable":true,"href":"https:\/\/rallswillelaw.com\/es\/wp-json\/wp\/v2\/categories?post=376"},{"taxonomy":"post_tag","embeddable":true,"href":"https:\/\/rallswillelaw.com\/es\/wp-json\/wp\/v2\/tags?post=376"}],"curies":[{"name":"wp","href":"https:\/\/api.w.org\/{rel}","templated":true}]}}